{"id":22,"date":"2025-04-22T10:29:33","date_gmt":"2025-04-22T08:29:33","guid":{"rendered":"http:\/\/apalyajobboldala.hu\/?p=22"},"modified":"2025-04-22T10:44:45","modified_gmt":"2025-04-22T08:44:45","slug":"tamadasvezetes-a-palya-jobb-oldalan","status":"publish","type":"post","link":"https:\/\/apalyajobboldala.hu\/?p=22","title":{"rendered":"T\u00e1mad\u00e1svezet\u00e9s a p\u00e1lya jobb oldal\u00e1n!"},"content":{"rendered":"<p>Szerkeszt\u0151i k\u00f6sz\u00f6nt\u0151.<!--more--><\/p>\n<p>H\u00e1nyszor hallottuk, hogy a politika, a k\u00f6z\u00e9let nem val\u00f3 a sportba? Mondt\u00e1k ezt a legt\u00f6bb esetben olyan politikusok, k\u00f6z\u00e9leti szem\u00e9lyis\u00e9gek, akik maguk is akt\u00edvan jelen voltak a sportp\u00e1ly\u00e1kon, a k\u00fczd\u0151t\u00e9ren vagy a lel\u00e1t\u00f3n. Ezt az \u00e1ll\u00e1spontot r\u00e1ad\u00e1sul a legt\u00f6bb esetben azok hirdett\u00e9k, akik a politikai baloldalt k\u00e9pviselt\u00e9k, \u00e9s a leghangosabban akkor hirdett\u00e9k, amikor a sport k\u00f6rny\u00e9k\u00e9n jobboldali v\u00e9lem\u00e9nyek jelentek meg.<\/p>\n<p>Amikor 2021-ben elind\u00edtottuk A p\u00e1lya jobboldala podcastet, a c\u00e9lunk az volt, hogy a sporton kereszt\u00fcl k\u00f6zel\u00edts\u00fcnk meg aktu\u00e1lis k\u00f6z\u00e9leti k\u00e9rd\u00e9seket \u2013 kifejezetten a jobboldalr\u00f3l. \u00dagy gondoltuk ugyanis, hogy nem szabad meghagyni a v\u00e9lem\u00e9nyform\u00e1l\u00e1s jog\u00e1t \u00e9s eszk\u00f6z\u00e9t kiz\u00e1r\u00f3lag a baloldalnak. A p\u00e1lya jobboldala nem egy sportoldal, nagyon is k\u00f6z\u00e9leti k\u00e9rd\u00e9sekre f\u00f3kusz\u00e1l, jobboldali v\u00e9lem\u00e9nyeket megjelen\u00edtve. Imm\u00e1r \u00f6n\u00e1ll\u00f3 oldalk\u00e9nt.<\/p>\n<p>A fel\u00fcleten a saj\u00e1t anyagok mellett rendszeresen teret kapnak majd sajt\u00f3szeml\u00e9k, ismert jobboldali k\u00f6z\u00e9leti szem\u00e9lyis\u00e9gek gondolatai ak\u00e1r teljesen egyet\u00e9rt\u00fcnk azokkal, ak\u00e1r csak r\u00e9szben. A l\u00e9nyeg, hogy sikeres szellemi t\u00e1mad\u00e1st vezethess\u00fcnk az ellenf\u00e9llel szemben, m\u00e9gpedig a p\u00e1lya jobb oldal\u00e1r\u00f3l.<\/p>\n<p><em>A szerkeszt\u0151k<\/em><\/p>\n","protected":false},"excerpt":{"rendered":"<p>Szerkeszt\u0151i k\u00f6sz\u00f6nt\u0151. <a href=\"https:\/\/apalyajobboldala.hu\/?p=22\">Egy kattint\u00e1s ide a folytat\u00e1shoz&#8230;. <span class=\"meta-nav\">&rarr;<\/span><\/a><\/p>\n","protected":false},"author":1,"featured_media":16,"comment_status":"open","ping_status":"open","sticky":false,"template":"","format":"standard","meta":{"_bbp_topic_count":0,"_bbp_reply_count":0,"_bbp_total_topic_count":0,"_bbp_total_reply_count":0,"_bbp_voice_count":0,"_bbp_anonymous_reply_count":0,"_bbp_topic_count_hidden":0,"_bbp_reply_count_hidden":0,"_bbp_forum_subforum_count":0,"footnotes":""},"categories":[1],"tags":[3,5,4],"class_list":["post-22","post","type-post","status-publish","format-standard","has-post-thumbnail","hentry","category-egyeb","tag-a-palya-jobboldala","tag-koszonto","tag-velemenyek"],"_links":{"self":[{"href":"https:\/\/apalyajobboldala.hu\/index.php?rest_route=\/wp\/v2\/posts\/22","targetHints":{"allow":["GET"]}}],"collection":[{"href":"https:\/\/apalyajobboldala.hu\/index.php?rest_route=\/wp\/v2\/posts"}],"about":[{"href":"https:\/\/apalyajobboldala.hu\/index.php?rest_route=\/wp\/v2\/types\/post"}],"author":[{"embeddable":true,"href":"https:\/\/apalyajobboldala.hu\/index.php?rest_route=\/wp\/v2\/users\/1"}],"replies":[{"embeddable":true,"href":"https:\/\/apalyajobboldala.hu\/index.php?rest_route=%2Fwp%2Fv2%2Fcomments&post=22"}],"version-history":[{"count":6,"href":"https:\/\/apalyajobboldala.hu\/index.php?rest_route=\/wp\/v2\/posts\/22\/revisions"}],"predecessor-version":[{"id":29,"href":"https:\/\/apalyajobboldala.hu\/index.php?rest_route=\/wp\/v2\/posts\/22\/revisions\/29"}],"wp:featuredmedia":[{"embeddable":true,"href":"https:\/\/apalyajobboldala.hu\/index.php?rest_route=\/wp\/v2\/media\/16"}],"wp:attachment":[{"href":"https:\/\/apalyajobboldala.hu\/index.php?rest_route=%2Fwp%2Fv2%2Fmedia&parent=22"}],"wp:term":[{"taxonomy":"category","embeddable":true,"href":"https:\/\/apalyajobboldala.hu\/index.php?rest_route=%2Fwp%2Fv2%2Fcategories&post=22"},{"taxonomy":"post_tag","embeddable":true,"href":"https:\/\/apalyajobboldala.hu\/index.php?rest_route=%2Fwp%2Fv2%2Ftags&post=22"}],"curies":[{"name":"wp","href":"https:\/\/api.w.org\/{rel}","templated":true}]}}